{"id":10251,"date":"2025-07-16T10:12:38","date_gmt":"2025-07-16T08:12:38","guid":{"rendered":"https:\/\/archivesradios.be\/Radio2019\/?p=10251"},"modified":"2025-09-23T10:52:09","modified_gmt":"2025-09-23T08:52:09","slug":"dossier-relations-entre-radio-et-presse-ecrite-en-1983","status":"publish","type":"post","link":"https:\/\/archivesradios.be\/Radio2019\/dossier-relations-entre-radio-et-presse-ecrite-en-1983\/","title":{"rendered":"Dossier: relations entre radio et presse \u00e9crite (1983)"},"content":{"rendered":"<p><strong>Ce dossier paru en aout 1983 dans \u00ab\u00a0Videodoc\u00a0\u00bb\u00a0 fait le point sur les relations, parfois conflictuelles antre la presse \u00e9crite et les radios libres<\/strong><\/p>\n<p>&nbsp;<\/p>\n<p style=\"text-align: center;\"><strong>\u00ab\u00a0des journaliste de la presse \u00e9crite boycottent une conf\u00e9rence de presse parce que des animateurs de radios libres y sont invit\u00e9s\u00a0\u00bb\u00a0<\/strong><\/p>\n<p>&nbsp;<\/p>\n<p>&nbsp;<\/p>\n<p><img loading=\"lazy\" decoding=\"async\" class=\"wp-image-10253 aligncenter\" src=\"https:\/\/archivesradios.be\/Radio2019\/wp-content\/uploads\/2025\/07\/dossier-presse-1_video-doc-aout-1983-scaled.jpg\" alt=\"\" width=\"1067\" height=\"1590\" srcset=\"https:\/\/archivesradios.be\/Radio2019\/wp-content\/uploads\/2025\/07\/dossier-presse-1_video-doc-aout-1983-scaled.jpg 1718w, https:\/\/archivesradios.be\/Radio2019\/wp-content\/uploads\/2025\/07\/dossier-presse-1_video-doc-aout-1983-scaled-201x300.jpg 201w, https:\/\/archivesradios.be\/Radio2019\/wp-content\/uploads\/2025\/07\/dossier-presse-1_video-doc-aout-1983-scaled-687x1024.jpg 687w, https:\/\/archivesradios.be\/Radio2019\/wp-content\/uploads\/2025\/07\/dossier-presse-1_video-doc-aout-1983-768x1144.jpg 768w, https:\/\/archivesradios.be\/Radio2019\/wp-content\/uploads\/2025\/07\/dossier-presse-1_video-doc-aout-1983-1031x1536.jpg 1031w, https:\/\/archivesradios.be\/Radio2019\/wp-content\/uploads\/2025\/07\/dossier-presse-1_video-doc-aout-1983-1375x2048.jpg 1375w\" sizes=\"auto, (max-width: 1067px) 100vw, 1067px\" \/><\/p>\n<p>&nbsp;<\/p>\n<p><img loading=\"lazy\" decoding=\"async\" class=\"wp-image-10254 aligncenter\" src=\"https:\/\/archivesradios.be\/Radio2019\/wp-content\/uploads\/2025\/07\/dossier-presse-2_videodoc-aout-83-scaled.jpg\" alt=\"\" width=\"1056\" height=\"1370\" srcset=\"https:\/\/archivesradios.be\/Radio2019\/wp-content\/uploads\/2025\/07\/dossier-presse-2_videodoc-aout-83-scaled.jpg 1973w, https:\/\/archivesradios.be\/Radio2019\/wp-content\/uploads\/2025\/07\/dossier-presse-2_videodoc-aout-83-scaled-231x300.jpg 231w, https:\/\/archivesradios.be\/Radio2019\/wp-content\/uploads\/2025\/07\/dossier-presse-2_videodoc-aout-83-scaled-789x1024.jpg 789w, https:\/\/archivesradios.be\/Radio2019\/wp-content\/uploads\/2025\/07\/dossier-presse-2_videodoc-aout-83-768x997.jpg 768w, https:\/\/archivesradios.be\/Radio2019\/wp-content\/uploads\/2025\/07\/dossier-presse-2_videodoc-aout-83-1184x1536.jpg 1184w, https:\/\/archivesradios.be\/Radio2019\/wp-content\/uploads\/2025\/07\/dossier-presse-2_videodoc-aout-83-1578x2048.jpg 1578w\" sizes=\"auto, (max-width: 1056px) 100vw, 1056px\" \/><\/p>\n<p><img loading=\"lazy\" decoding=\"async\" class=\" wp-image-10255 aligncenter\" src=\"https:\/\/archivesradios.be\/Radio2019\/wp-content\/uploads\/2025\/07\/dossier-presse-3_videodoc-aout-83.jpg\" alt=\"\" width=\"1051\" height=\"925\" srcset=\"https:\/\/archivesradios.be\/Radio2019\/wp-content\/uploads\/2025\/07\/dossier-presse-3_videodoc-aout-83.jpg 2206w, https:\/\/archivesradios.be\/Radio2019\/wp-content\/uploads\/2025\/07\/dossier-presse-3_videodoc-aout-83-300x264.jpg 300w, https:\/\/archivesradios.be\/Radio2019\/wp-content\/uploads\/2025\/07\/dossier-presse-3_videodoc-aout-83-1024x902.jpg 1024w, https:\/\/archivesradios.be\/Radio2019\/wp-content\/uploads\/2025\/07\/dossier-presse-3_videodoc-aout-83-768x676.jpg 768w, https:\/\/archivesradios.be\/Radio2019\/wp-content\/uploads\/2025\/07\/dossier-presse-3_videodoc-aout-83-1536x1353.jpg 1536w, https:\/\/archivesradios.be\/Radio2019\/wp-content\/uploads\/2025\/07\/dossier-presse-3_videodoc-aout-83-2048x1804.jpg 2048w\" sizes=\"auto, (max-width: 1051px) 100vw, 1051px\" \/><\/p>\n","protected":false},"excerpt":{"rendered":"<p>Ce dossier paru en aout 1983 dans \u00ab\u00a0Videodoc\u00a0\u00bb\u00a0 fait le point sur les relations, parfois conflictuelles antre la presse \u00e9crite et les radios libres &nbsp; \u00ab\u00a0des journaliste de la presse \u00e9crite boycottent une conf\u00e9rence de presse parce que des animateurs de radios libres y sont invit\u00e9s\u00a0\u00bb\u00a0 &nbsp; &nbsp; &nbsp;<\/p>\n","protected":false},"author":1,"featured_media":10468,"comment_status":"open","ping_status":"closed","sticky":false,"template":"","format":"standard","meta":{"footnotes":""},"categories":[63],"tags":[],"class_list":["post-10251","post","type-post","status-publish","format-standard","has-post-thumbnail","hentry","category-documentation"],"_links":{"self":[{"href":"https:\/\/archivesradios.be\/Radio2019\/wp-json\/wp\/v2\/posts\/10251","targetHints":{"allow":["GET"]}}],"collection":[{"href":"https:\/\/archivesradios.be\/Radio2019\/wp-json\/wp\/v2\/posts"}],"about":[{"href":"https:\/\/archivesradios.be\/Radio2019\/wp-json\/wp\/v2\/types\/post"}],"author":[{"embeddable":true,"href":"https:\/\/archivesradios.be\/Radio2019\/wp-json\/wp\/v2\/users\/1"}],"replies":[{"embeddable":true,"href":"https:\/\/archivesradios.be\/Radio2019\/wp-json\/wp\/v2\/comments?post=10251"}],"version-history":[{"count":4,"href":"https:\/\/archivesradios.be\/Radio2019\/wp-json\/wp\/v2\/posts\/10251\/revisions"}],"predecessor-version":[{"id":10614,"href":"https:\/\/archivesradios.be\/Radio2019\/wp-json\/wp\/v2\/posts\/10251\/revisions\/10614"}],"wp:featuredmedia":[{"embeddable":true,"href":"https:\/\/archivesradios.be\/Radio2019\/wp-json\/wp\/v2\/media\/10468"}],"wp:attachment":[{"href":"https:\/\/archivesradios.be\/Radio2019\/wp-json\/wp\/v2\/media?parent=10251"}],"wp:term":[{"taxonomy":"category","embeddable":true,"href":"https:\/\/archivesradios.be\/Radio2019\/wp-json\/wp\/v2\/categories?post=10251"},{"taxonomy":"post_tag","embeddable":true,"href":"https:\/\/archivesradios.be\/Radio2019\/wp-json\/wp\/v2\/tags?post=10251"}],"curies":[{"name":"wp","href":"https:\/\/api.w.org\/{rel}","templated":true}]}}