{"id":11317,"date":"2026-03-31T15:48:48","date_gmt":"2026-03-31T13:48:48","guid":{"rendered":"https:\/\/archivesradios.be\/Radio2019\/?p=11317"},"modified":"2026-04-15T15:04:35","modified_gmt":"2026-04-15T13:04:35","slug":"la-fm-extra","status":"publish","type":"post","link":"https:\/\/archivesradios.be\/Radio2019\/la-fm-extra\/","title":{"rendered":"LA \u00ab\u00a0FM EXTRA\u00a0\u00bb"},"content":{"rendered":"<p>&nbsp;<\/p>\n<p>&nbsp;<\/p>\n<p><img loading=\"lazy\" decoding=\"async\" class=\"wp-image-7846 aligncenter\" src=\"https:\/\/archivesradios.be\/Radio2019\/wp-content\/uploads\/2023\/12\/capture-fm-xtra-.png\" alt=\"\" width=\"892\" height=\"367\" srcset=\"https:\/\/archivesradios.be\/Radio2019\/wp-content\/uploads\/2023\/12\/capture-fm-xtra-.png 1669w, https:\/\/archivesradios.be\/Radio2019\/wp-content\/uploads\/2023\/12\/capture-fm-xtra--300x123.png 300w, https:\/\/archivesradios.be\/Radio2019\/wp-content\/uploads\/2023\/12\/capture-fm-xtra--1024x421.png 1024w, https:\/\/archivesradios.be\/Radio2019\/wp-content\/uploads\/2023\/12\/capture-fm-xtra--768x316.png 768w, https:\/\/archivesradios.be\/Radio2019\/wp-content\/uploads\/2023\/12\/capture-fm-xtra--1536x631.png 1536w\" sizes=\"auto, (max-width: 892px) 100vw, 892px\" \/><\/p>\n<h2 style=\"text-align: center;\"><strong><img loading=\"lazy\" decoding=\"async\" class=\"alignnone wp-image-11393\" src=\"https:\/\/archivesradios.be\/Radio2019\/wp-content\/uploads\/2026\/03\/matos1-scaled.png\" alt=\"\" width=\"822\" height=\"548\" srcset=\"https:\/\/archivesradios.be\/Radio2019\/wp-content\/uploads\/2026\/03\/matos1-scaled.png 2560w, https:\/\/archivesradios.be\/Radio2019\/wp-content\/uploads\/2026\/03\/matos1-scaled-300x200.png 300w, https:\/\/archivesradios.be\/Radio2019\/wp-content\/uploads\/2026\/03\/matos1-scaled-1024x683.png 1024w, https:\/\/archivesradios.be\/Radio2019\/wp-content\/uploads\/2026\/03\/matos1-768x512.png 768w, https:\/\/archivesradios.be\/Radio2019\/wp-content\/uploads\/2026\/03\/matos1-1536x1024.png 1536w, https:\/\/archivesradios.be\/Radio2019\/wp-content\/uploads\/2026\/03\/matos1-2048x1365.png 2048w\" sizes=\"auto, (max-width: 822px) 100vw, 822px\" \/><\/strong><\/h2>\n<h2><\/h2>\n<h2 style=\"text-align: center;\"><strong>La FM Extra c&rsquo;est quoi ?\u00a0<\/strong><\/h2>\n<p>&nbsp;<\/p>\n<p><strong>la FM xtra est un mode de diffusion ( sous licence payante) du dab+, test\u00e9 par la radio Imagine Fm \u00e0 Bruxelles en 2007. &#8211; Rappelons qu&rsquo;\u00e0 l&rsquo;\u00e9poque en raison d&rsquo;une carence l\u00e9gislative, la FM n&rsquo;\u00e9tait plus r\u00e9gul\u00e9e en F\u00e9d\u00e9ration Wallonie Bruxelles. Imagine FM comme beaucoup d&rsquo;autres radios \u00e9mettait sans autorisation en FM ni sous une autre format. La radio n&rsquo;a pas \u00e9t\u00e9 reconnue lors de l&rsquo;appel d&rsquo;offre de juin 2008.\u00a0<\/strong><\/p>\n<p>&nbsp;<\/p>\n<p><strong>Le responsable\u00a0 de la radio (Laurent Daube) nous explique le pourquoi et le comment de ces tests\u00a0<\/strong><\/p>\n<audio class=\"wp-audio-shortcode\" id=\"audio-11317-1\" preload=\"none\" style=\"width: 100%;\" controls=\"controls\"><source type=\"audio\/mpeg\" src=\"https:\/\/archivesradios.be\/Radio2019\/wp-content\/uploads\/2019\/09\/imagine-6.mp3?_=1\" \/><a href=\"https:\/\/archivesradios.be\/Radio2019\/wp-content\/uploads\/2019\/09\/imagine-6.mp3\">https:\/\/archivesradios.be\/Radio2019\/wp-content\/uploads\/2019\/09\/imagine-6.mp3<\/a><\/audio>\n<p>&nbsp;<\/p>\n<p><strong>la bande annonce de la diffusion en FM Xtra\u00a0<\/strong><\/p>\n<audio class=\"wp-audio-shortcode\" id=\"audio-11317-2\" preload=\"none\" style=\"width: 100%;\" controls=\"controls\"><source type=\"audio\/mpeg\" src=\"https:\/\/archivesradios.be\/Radio2019\/wp-content\/uploads\/2019\/09\/imaginextra.mp3?_=2\" \/><a href=\"https:\/\/archivesradios.be\/Radio2019\/wp-content\/uploads\/2019\/09\/imaginextra.mp3\">https:\/\/archivesradios.be\/Radio2019\/wp-content\/uploads\/2019\/09\/imaginextra.mp3<\/a><\/audio>\n","protected":false},"excerpt":{"rendered":"<p>&nbsp; &nbsp; La FM Extra c&rsquo;est quoi ?\u00a0 &nbsp; la FM xtra est un mode de diffusion ( sous licence payante) du dab+, test\u00e9 par la radio Imagine Fm \u00e0 Bruxelles en 2007. &#8211; Rappelons qu&rsquo;\u00e0 l&rsquo;\u00e9poque en raison d&rsquo;une carence l\u00e9gislative, la FM n&rsquo;\u00e9tait plus r\u00e9gul\u00e9e en F\u00e9d\u00e9ration Wallonie Bruxelles. Imagine FM comme beaucoup [&hellip;]<\/p>\n","protected":false},"author":1,"featured_media":749,"comment_status":"open","ping_status":"closed","sticky":false,"template":"","format":"standard","meta":{"footnotes":""},"categories":[18],"tags":[],"class_list":["post-11317","post","type-post","status-publish","format-standard","has-post-thumbnail","hentry","category-a-la-une"],"_links":{"self":[{"href":"https:\/\/archivesradios.be\/Radio2019\/wp-json\/wp\/v2\/posts\/11317","targetHints":{"allow":["GET"]}}],"collection":[{"href":"https:\/\/archivesradios.be\/Radio2019\/wp-json\/wp\/v2\/posts"}],"about":[{"href":"https:\/\/archivesradios.be\/Radio2019\/wp-json\/wp\/v2\/types\/post"}],"author":[{"embeddable":true,"href":"https:\/\/archivesradios.be\/Radio2019\/wp-json\/wp\/v2\/users\/1"}],"replies":[{"embeddable":true,"href":"https:\/\/archivesradios.be\/Radio2019\/wp-json\/wp\/v2\/comments?post=11317"}],"version-history":[{"count":8,"href":"https:\/\/archivesradios.be\/Radio2019\/wp-json\/wp\/v2\/posts\/11317\/revisions"}],"predecessor-version":[{"id":11395,"href":"https:\/\/archivesradios.be\/Radio2019\/wp-json\/wp\/v2\/posts\/11317\/revisions\/11395"}],"wp:featuredmedia":[{"embeddable":true,"href":"https:\/\/archivesradios.be\/Radio2019\/wp-json\/wp\/v2\/media\/749"}],"wp:attachment":[{"href":"https:\/\/archivesradios.be\/Radio2019\/wp-json\/wp\/v2\/media?parent=11317"}],"wp:term":[{"taxonomy":"category","embeddable":true,"href":"https:\/\/archivesradios.be\/Radio2019\/wp-json\/wp\/v2\/categories?post=11317"},{"taxonomy":"post_tag","embeddable":true,"href":"https:\/\/archivesradios.be\/Radio2019\/wp-json\/wp\/v2\/tags?post=11317"}],"curies":[{"name":"wp","href":"https:\/\/api.w.org\/{rel}","templated":true}]}}