{"id":6370,"date":"2022-09-20T11:50:20","date_gmt":"2022-09-20T09:50:20","guid":{"rendered":"https:\/\/archivesradios.be\/Radio2019\/?p=6370"},"modified":"2025-08-15T13:55:17","modified_gmt":"2025-08-15T11:55:17","slug":"interview-caroline-martin","status":"publish","type":"post","link":"https:\/\/archivesradios.be\/Radio2019\/interview-caroline-martin\/","title":{"rendered":"Interview Caroline Martin"},"content":{"rendered":"<div class=\"wpb-content-wrapper\">[vc_row][vc_column][vc_column_text css=\u00a0\u00bb.vc_custom_1753365512419{margin-bottom: 0px !important;}\u00a0\u00bb]<strong><img loading=\"lazy\" decoding=\"async\" class=\"wp-image-6412 aligncenter\" src=\"https:\/\/archivesradios.be\/Radio2019\/wp-content\/uploads\/2022\/09\/cm1.jpg\" alt=\"\" width=\"509\" height=\"426\" srcset=\"https:\/\/archivesradios.be\/Radio2019\/wp-content\/uploads\/2022\/09\/cm1.jpg 1512w, https:\/\/archivesradios.be\/Radio2019\/wp-content\/uploads\/2022\/09\/cm1-300x251.jpg 300w, https:\/\/archivesradios.be\/Radio2019\/wp-content\/uploads\/2022\/09\/cm1-1024x857.jpg 1024w, https:\/\/archivesradios.be\/Radio2019\/wp-content\/uploads\/2022\/09\/cm1-768x643.jpg 768w\" sizes=\"auto, (max-width: 509px) 100vw, 509px\" \/><\/strong><\/p>\n<p><strong>Vous connaissez sans doute la voix de Caroline Martin sur Antipode ou sur la RTBF pour le Mobilinfo, mais surement moins<\/strong><strong>\u00a0son pass\u00e9 radiophonique, que nous vous proposons de d\u00e9couvrir ici gr\u00e2ce \u00e0 cette sympathique interview qu&rsquo;elle a fait l&rsquo;amiti\u00e9 de nous accorder.\u00a0<\/strong><\/p>\n<p>&nbsp;<\/p>\n<p><strong>Pouvez-vous vous pr\u00e9senter ?\u00a0<\/strong><\/p>\n<audio class=\"wp-audio-shortcode\" id=\"audio-6370-1\" preload=\"none\" style=\"width: 100%;\" controls=\"controls\"><source type=\"audio\/mpeg\" src=\"https:\/\/archivesradios.be\/Radio2019\/wp-content\/uploads\/2022\/09\/cm1.mp3?_=1\" \/><a href=\"https:\/\/archivesradios.be\/Radio2019\/wp-content\/uploads\/2022\/09\/cm1.mp3\">https:\/\/archivesradios.be\/Radio2019\/wp-content\/uploads\/2022\/09\/cm1.mp3<\/a><\/audio>\n<p>&nbsp;<\/p>\n<p><strong>Avant d&rsquo;en faire vous-m\u00eame, la radio \u00e7a repr\u00e9sentait quoi pour vous ?<\/strong><\/p>\n<audio class=\"wp-audio-shortcode\" id=\"audio-6370-2\" preload=\"none\" style=\"width: 100%;\" controls=\"controls\"><source type=\"audio\/mpeg\" src=\"https:\/\/archivesradios.be\/Radio2019\/wp-content\/uploads\/2022\/09\/cm2.mp3?_=2\" \/><a href=\"https:\/\/archivesradios.be\/Radio2019\/wp-content\/uploads\/2022\/09\/cm2.mp3\">https:\/\/archivesradios.be\/Radio2019\/wp-content\/uploads\/2022\/09\/cm2.mp3<\/a><\/audio>\n<p>&nbsp;<\/p>\n<p><strong>Comment avez-vous fait connaissance avec les radios libres ?\u00a0<\/strong><\/p>\n<audio class=\"wp-audio-shortcode\" id=\"audio-6370-3\" preload=\"none\" style=\"width: 100%;\" controls=\"controls\"><source type=\"audio\/mpeg\" src=\"https:\/\/archivesradios.be\/Radio2019\/wp-content\/uploads\/2022\/09\/cm3.mp3?_=3\" \/><a href=\"https:\/\/archivesradios.be\/Radio2019\/wp-content\/uploads\/2022\/09\/cm3.mp3\">https:\/\/archivesradios.be\/Radio2019\/wp-content\/uploads\/2022\/09\/cm3.mp3<\/a><\/audio>\n<p>&nbsp;<\/p>\n<p><strong>C&rsquo;\u00e9tait comment \u00e0 l&rsquo;\u00e9poque pour une jeune fille d&rsquo;aller faire de la radio ?<\/strong><\/p>\n<audio class=\"wp-audio-shortcode\" id=\"audio-6370-4\" preload=\"none\" style=\"width: 100%;\" controls=\"controls\"><source type=\"audio\/mpeg\" src=\"https:\/\/archivesradios.be\/Radio2019\/wp-content\/uploads\/2022\/09\/cm4.mp3?_=4\" \/><a href=\"https:\/\/archivesradios.be\/Radio2019\/wp-content\/uploads\/2022\/09\/cm4.mp3\">https:\/\/archivesradios.be\/Radio2019\/wp-content\/uploads\/2022\/09\/cm4.mp3<\/a><\/audio>\n<p>&nbsp;<\/p>\n<p><strong>Justement comment vos parents r\u00e9agissaient au fait que vous participiez \u00e0 une activit\u00e9 encore ill\u00e9gale \u00e0 l&rsquo;\u00e9poque ?\u00a0\u00a0<\/strong><\/p>\n<audio class=\"wp-audio-shortcode\" id=\"audio-6370-5\" preload=\"none\" style=\"width: 100%;\" controls=\"controls\"><source type=\"audio\/mpeg\" src=\"https:\/\/archivesradios.be\/Radio2019\/wp-content\/uploads\/2022\/09\/cm5.mp3?_=5\" \/><a href=\"https:\/\/archivesradios.be\/Radio2019\/wp-content\/uploads\/2022\/09\/cm5.mp3\">https:\/\/archivesradios.be\/Radio2019\/wp-content\/uploads\/2022\/09\/cm5.mp3<\/a><\/audio>\n<p>&nbsp;<\/p>\n<p><strong>Et vous faisiez quoi comme genre d&rsquo;\u00e9mission ? juste du \u00ab\u00a0pousse disque\u00a0\u00bb ?\u00a0<\/strong><\/p>\n<audio class=\"wp-audio-shortcode\" id=\"audio-6370-6\" preload=\"none\" style=\"width: 100%;\" controls=\"controls\"><source type=\"audio\/mpeg\" src=\"https:\/\/archivesradios.be\/Radio2019\/wp-content\/uploads\/2022\/09\/cm6-1.mp3?_=6\" \/><a href=\"https:\/\/archivesradios.be\/Radio2019\/wp-content\/uploads\/2022\/09\/cm6-1.mp3\">https:\/\/archivesradios.be\/Radio2019\/wp-content\/uploads\/2022\/09\/cm6-1.mp3<\/a><\/audio>\n<p>&nbsp;<\/p>\n<p><strong>Avez-vous eu l&rsquo;impression que c&rsquo;\u00e9tait moins facile pour une femme de faire de\u00a0 la radio ?\u00a0<\/strong><\/p>\n<audio class=\"wp-audio-shortcode\" id=\"audio-6370-7\" preload=\"none\" style=\"width: 100%;\" controls=\"controls\"><source type=\"audio\/mpeg\" src=\"https:\/\/archivesradios.be\/Radio2019\/wp-content\/uploads\/2022\/09\/cm7.mp3?_=7\" \/><a href=\"https:\/\/archivesradios.be\/Radio2019\/wp-content\/uploads\/2022\/09\/cm7.mp3\">https:\/\/archivesradios.be\/Radio2019\/wp-content\/uploads\/2022\/09\/cm7.mp3<\/a><\/audio>\n<p><strong>\u00a0<\/strong><\/p>\n<p><strong>\u00c0 partir de quel moment avez-vous eu envie d&rsquo;en faire votre m\u00e9tier ?\u00a0<\/strong><\/p>\n<audio class=\"wp-audio-shortcode\" id=\"audio-6370-8\" preload=\"none\" style=\"width: 100%;\" controls=\"controls\"><source type=\"audio\/mpeg\" src=\"https:\/\/archivesradios.be\/Radio2019\/wp-content\/uploads\/2022\/09\/cm8.mp3?_=8\" \/><a href=\"https:\/\/archivesradios.be\/Radio2019\/wp-content\/uploads\/2022\/09\/cm8.mp3\">https:\/\/archivesradios.be\/Radio2019\/wp-content\/uploads\/2022\/09\/cm8.mp3<\/a><\/audio>\n<p>&nbsp;<\/p>\n<p><strong>Que diriez vous \u00e0 un ou une jeune qui voudrait faire de la radio ?\u00a0<\/strong><\/p>\n<audio class=\"wp-audio-shortcode\" id=\"audio-6370-9\" preload=\"none\" style=\"width: 100%;\" controls=\"controls\"><source type=\"audio\/mpeg\" src=\"https:\/\/archivesradios.be\/Radio2019\/wp-content\/uploads\/2022\/09\/cm9.mp3?_=9\" \/><a href=\"https:\/\/archivesradios.be\/Radio2019\/wp-content\/uploads\/2022\/09\/cm9.mp3\">https:\/\/archivesradios.be\/Radio2019\/wp-content\/uploads\/2022\/09\/cm9.mp3<\/a><\/audio>\n<p>&nbsp;<\/p>\n<p><strong>Et apr\u00e8s Radio Betterave vous aller \u00e0 Radio Mosa\u00efque\u00a0<\/strong><\/p>\n<audio class=\"wp-audio-shortcode\" id=\"audio-6370-10\" preload=\"none\" style=\"width: 100%;\" controls=\"controls\"><source type=\"audio\/mpeg\" src=\"https:\/\/archivesradios.be\/Radio2019\/wp-content\/uploads\/2022\/09\/cm10.mp3?_=10\" \/><a href=\"https:\/\/archivesradios.be\/Radio2019\/wp-content\/uploads\/2022\/09\/cm10.mp3\">https:\/\/archivesradios.be\/Radio2019\/wp-content\/uploads\/2022\/09\/cm10.mp3<\/a><\/audio>\n<p>&nbsp;<\/p>\n<p>&nbsp;<\/p>\n<p>&nbsp;<\/p>\n<p><strong><img loading=\"lazy\" decoding=\"async\" class=\"alignnone wp-image-1969\" src=\"https:\/\/archivesradios.be\/Radio2019\/wp-content\/uploads\/2019\/11\/ciel.jpg\" alt=\"\" width=\"306\" height=\"219\" srcset=\"https:\/\/archivesradios.be\/Radio2019\/wp-content\/uploads\/2019\/11\/ciel.jpg 418w, https:\/\/archivesradios.be\/Radio2019\/wp-content\/uploads\/2019\/11\/ciel-300x215.jpg 300w\" sizes=\"auto, (max-width: 306px) 100vw, 306px\" \/><\/strong><\/p>\n<p>&nbsp;<\/p>\n<p><strong>Ensuite c&rsquo;est radio Ciel &#8230;. <\/strong><\/p>\n<audio class=\"wp-audio-shortcode\" id=\"audio-6370-11\" preload=\"none\" style=\"width: 100%;\" controls=\"controls\"><source type=\"audio\/mpeg\" src=\"https:\/\/archivesradios.be\/Radio2019\/wp-content\/uploads\/2022\/09\/cm11.mp3?_=11\" \/><a href=\"https:\/\/archivesradios.be\/Radio2019\/wp-content\/uploads\/2022\/09\/cm11.mp3\">https:\/\/archivesradios.be\/Radio2019\/wp-content\/uploads\/2022\/09\/cm11.mp3<\/a><\/audio>\n<p>&nbsp;<\/p>\n<p><strong>Comment avez-vous v\u00e9cu l&rsquo;arriv\u00e9e de la publicit\u00e9 \u00e0 la radio ?\u00a0<\/strong><\/p>\n<audio class=\"wp-audio-shortcode\" id=\"audio-6370-12\" preload=\"none\" style=\"width: 100%;\" controls=\"controls\"><source type=\"audio\/mpeg\" src=\"https:\/\/archivesradios.be\/Radio2019\/wp-content\/uploads\/2022\/09\/28-publicite.mp3?_=12\" \/><a href=\"https:\/\/archivesradios.be\/Radio2019\/wp-content\/uploads\/2022\/09\/28-publicite.mp3\">https:\/\/archivesradios.be\/Radio2019\/wp-content\/uploads\/2022\/09\/28-publicite.mp3<\/a><\/audio>\n<p>&nbsp;<\/p>\n<p><strong>Cela vous apportait quoi de faire de la radio ?\u00a0<\/strong><\/p>\n<audio class=\"wp-audio-shortcode\" id=\"audio-6370-13\" preload=\"none\" style=\"width: 100%;\" controls=\"controls\"><source type=\"audio\/mpeg\" src=\"https:\/\/archivesradios.be\/Radio2019\/wp-content\/uploads\/2022\/09\/cm19.mp3?_=13\" \/><a href=\"https:\/\/archivesradios.be\/Radio2019\/wp-content\/uploads\/2022\/09\/cm19.mp3\">https:\/\/archivesradios.be\/Radio2019\/wp-content\/uploads\/2022\/09\/cm19.mp3<\/a><\/audio>\n<p>&nbsp;<\/p>\n<p><strong>Vous avez chang\u00e9 de radios de votre plein gr\u00e9s ou on ne voulait plus de vous ?\u00a0<\/strong><\/p>\n<audio class=\"wp-audio-shortcode\" id=\"audio-6370-14\" preload=\"none\" style=\"width: 100%;\" controls=\"controls\"><source type=\"audio\/mpeg\" src=\"https:\/\/archivesradios.be\/Radio2019\/wp-content\/uploads\/2022\/09\/cm20.mp3?_=14\" \/><a href=\"https:\/\/archivesradios.be\/Radio2019\/wp-content\/uploads\/2022\/09\/cm20.mp3\">https:\/\/archivesradios.be\/Radio2019\/wp-content\/uploads\/2022\/09\/cm20.mp3<\/a><\/audio>\n<p>&nbsp;<\/p>\n<p><strong>O\u00f9 est ce que vous vous \u00eatre le mieux plu ?\u00a0<\/strong><\/p>\n<audio class=\"wp-audio-shortcode\" id=\"audio-6370-15\" preload=\"none\" style=\"width: 100%;\" controls=\"controls\"><source type=\"audio\/mpeg\" src=\"https:\/\/archivesradios.be\/Radio2019\/wp-content\/uploads\/2022\/09\/cm21.mp3?_=15\" \/><a href=\"https:\/\/archivesradios.be\/Radio2019\/wp-content\/uploads\/2022\/09\/cm21.mp3\">https:\/\/archivesradios.be\/Radio2019\/wp-content\/uploads\/2022\/09\/cm21.mp3<\/a><\/audio>\n<p>&nbsp;<\/p>\n<p><strong>Quelle \u00e9tait la radio de vos r\u00eaves ? y \u00eates vous arriv\u00e9e ?\u00a0<\/strong><\/p>\n<audio class=\"wp-audio-shortcode\" id=\"audio-6370-16\" preload=\"none\" style=\"width: 100%;\" controls=\"controls\"><source type=\"audio\/mpeg\" src=\"https:\/\/archivesradios.be\/Radio2019\/wp-content\/uploads\/2022\/09\/cm22.mp3?_=16\" \/><a href=\"https:\/\/archivesradios.be\/Radio2019\/wp-content\/uploads\/2022\/09\/cm22.mp3\">https:\/\/archivesradios.be\/Radio2019\/wp-content\/uploads\/2022\/09\/cm22.mp3<\/a><\/audio>\n<p>&nbsp;<\/p>\n<p><strong>On travaille de mani\u00e8re diff\u00e9rente \u00e0 la RTBF\u00a0 \u00a0par rapport au secteur priv\u00e9 ?\u00a0<\/strong><\/p>\n<audio class=\"wp-audio-shortcode\" id=\"audio-6370-17\" preload=\"none\" style=\"width: 100%;\" controls=\"controls\"><source type=\"audio\/mpeg\" src=\"https:\/\/archivesradios.be\/Radio2019\/wp-content\/uploads\/2022\/09\/cm23.mp3?_=17\" \/><a href=\"https:\/\/archivesradios.be\/Radio2019\/wp-content\/uploads\/2022\/09\/cm23.mp3\">https:\/\/archivesradios.be\/Radio2019\/wp-content\/uploads\/2022\/09\/cm23.mp3<\/a><\/audio>\n<p>&nbsp;<\/p>\n<p><strong>Venant du priv\u00e9 avez-vous \u00e9t\u00e9 bien accueillie \u00e0 la RTBF ?\u00a0<\/strong><\/p>\n<audio class=\"wp-audio-shortcode\" id=\"audio-6370-18\" preload=\"none\" style=\"width: 100%;\" controls=\"controls\"><source type=\"audio\/mpeg\" src=\"https:\/\/archivesradios.be\/Radio2019\/wp-content\/uploads\/2022\/09\/cm32.mp3?_=18\" \/><a href=\"https:\/\/archivesradios.be\/Radio2019\/wp-content\/uploads\/2022\/09\/cm32.mp3\">https:\/\/archivesradios.be\/Radio2019\/wp-content\/uploads\/2022\/09\/cm32.mp3<\/a><\/audio>\n<p>&nbsp;<\/p>\n<p><strong>Y &lsquo;a-t-il des choses que vous aimeriez faire et que vous n&rsquo;avez pas encore faites en radio,\u00a0<\/strong><\/p>\n<audio class=\"wp-audio-shortcode\" id=\"audio-6370-19\" preload=\"none\" style=\"width: 100%;\" controls=\"controls\"><source type=\"audio\/mpeg\" src=\"https:\/\/archivesradios.be\/Radio2019\/wp-content\/uploads\/2022\/09\/cm24.mp3?_=19\" \/><a href=\"https:\/\/archivesradios.be\/Radio2019\/wp-content\/uploads\/2022\/09\/cm24.mp3\">https:\/\/archivesradios.be\/Radio2019\/wp-content\/uploads\/2022\/09\/cm24.mp3<\/a><\/audio>\n<p><span style=\"color: #ff0000;\">La page facebook de Kaptivatv :\u00a0<a href=\"https:\/\/www.facebook.com\/kaptivatv\/\">https:\/\/www.facebook.com\/kaptivatv\/<\/a><\/span><\/p>\n<p>&nbsp;<\/p>\n<p><strong>Avez-vous eu l&rsquo;occasion de faire de la radio en France ?\u00a0<\/strong><\/p>\n<audio class=\"wp-audio-shortcode\" id=\"audio-6370-20\" preload=\"none\" style=\"width: 100%;\" controls=\"controls\"><source type=\"audio\/mpeg\" src=\"https:\/\/archivesradios.be\/Radio2019\/wp-content\/uploads\/2022\/09\/cm26.mp3?_=20\" \/><a href=\"https:\/\/archivesradios.be\/Radio2019\/wp-content\/uploads\/2022\/09\/cm26.mp3\">https:\/\/archivesradios.be\/Radio2019\/wp-content\/uploads\/2022\/09\/cm26.mp3<\/a><\/audio>\n<p>&nbsp;<\/p>\n<p><strong>Comme d&rsquo;autres vous faites des voix off, est ce que cela veut dire qu&rsquo;on ne sait pas vivre de la radio seule en Belgique ?\u00a0<\/strong><\/p>\n<audio class=\"wp-audio-shortcode\" id=\"audio-6370-21\" preload=\"none\" style=\"width: 100%;\" controls=\"controls\"><source type=\"audio\/mpeg\" src=\"https:\/\/archivesradios.be\/Radio2019\/wp-content\/uploads\/2022\/09\/cm27.mp3?_=21\" \/><a href=\"https:\/\/archivesradios.be\/Radio2019\/wp-content\/uploads\/2022\/09\/cm27.mp3\">https:\/\/archivesradios.be\/Radio2019\/wp-content\/uploads\/2022\/09\/cm27.mp3<\/a><\/audio>\n<p>&nbsp;<\/p>\n<p><strong>Quelle est votre vision de la radio de demain ?\u00a0<\/strong><\/p>\n<audio class=\"wp-audio-shortcode\" id=\"audio-6370-22\" preload=\"none\" style=\"width: 100%;\" controls=\"controls\"><source type=\"audio\/mpeg\" src=\"https:\/\/archivesradios.be\/Radio2019\/wp-content\/uploads\/2022\/09\/cm30.mp3?_=22\" \/><a href=\"https:\/\/archivesradios.be\/Radio2019\/wp-content\/uploads\/2022\/09\/cm30.mp3\">https:\/\/archivesradios.be\/Radio2019\/wp-content\/uploads\/2022\/09\/cm30.mp3<\/a><\/audio>\n<p>&nbsp;<\/p>\n<p><strong>Pensez-vous que Spotify ou des plateformes similaires soient un danger pour la radio ?\u00a0<\/strong><\/p>\n<audio class=\"wp-audio-shortcode\" id=\"audio-6370-23\" preload=\"none\" style=\"width: 100%;\" controls=\"controls\"><source type=\"audio\/mpeg\" src=\"https:\/\/archivesradios.be\/Radio2019\/wp-content\/uploads\/2022\/09\/cm31.mp3?_=23\" \/><a href=\"https:\/\/archivesradios.be\/Radio2019\/wp-content\/uploads\/2022\/09\/cm31.mp3\">https:\/\/archivesradios.be\/Radio2019\/wp-content\/uploads\/2022\/09\/cm31.mp3<\/a><\/audio>\n<p>&nbsp;<\/p>\n<p><strong>Cela vous a aid\u00e9 dans votre parcours\u00a0 d&rsquo;avoir d\u00e9but\u00e9 par les radios locales ?\u00a0<\/strong><\/p>\n<audio class=\"wp-audio-shortcode\" id=\"audio-6370-24\" preload=\"none\" style=\"width: 100%;\" controls=\"controls\"><source type=\"audio\/mpeg\" src=\"https:\/\/archivesradios.be\/Radio2019\/wp-content\/uploads\/2022\/09\/cm33.mp3?_=24\" \/><a href=\"https:\/\/archivesradios.be\/Radio2019\/wp-content\/uploads\/2022\/09\/cm33.mp3\">https:\/\/archivesradios.be\/Radio2019\/wp-content\/uploads\/2022\/09\/cm33.mp3<\/a><\/audio>\n<p>&nbsp;<\/p>\n<p><strong>Comment g\u00e9rer vous votre image publique ?\u00a0<\/strong><\/p>\n<audio class=\"wp-audio-shortcode\" id=\"audio-6370-25\" preload=\"none\" style=\"width: 100%;\" controls=\"controls\"><source type=\"audio\/mpeg\" src=\"https:\/\/archivesradios.be\/Radio2019\/wp-content\/uploads\/2022\/09\/cm34.mp3?_=25\" \/><a href=\"https:\/\/archivesradios.be\/Radio2019\/wp-content\/uploads\/2022\/09\/cm34.mp3\">https:\/\/archivesradios.be\/Radio2019\/wp-content\/uploads\/2022\/09\/cm34.mp3<\/a><\/audio>\n<p>&nbsp;<\/p>\n<p><strong>Vous \u00e9coutez quoi aujourd&rsquo;hui ?\u00a0<\/strong><\/p>\n<audio class=\"wp-audio-shortcode\" id=\"audio-6370-26\" preload=\"none\" style=\"width: 100%;\" controls=\"controls\"><source type=\"audio\/mpeg\" src=\"https:\/\/archivesradios.be\/Radio2019\/wp-content\/uploads\/2022\/09\/cm35.mp3?_=26\" \/><a href=\"https:\/\/archivesradios.be\/Radio2019\/wp-content\/uploads\/2022\/09\/cm35.mp3\">https:\/\/archivesradios.be\/Radio2019\/wp-content\/uploads\/2022\/09\/cm35.mp3<\/a><\/audio>\n<p>&nbsp;<\/p>\n<p><strong>Quelle serait votre radio id\u00e9ale ?\u00a0<\/strong><\/p>\n<audio class=\"wp-audio-shortcode\" id=\"audio-6370-27\" preload=\"none\" style=\"width: 100%;\" controls=\"controls\"><source type=\"audio\/mpeg\" src=\"https:\/\/archivesradios.be\/Radio2019\/wp-content\/uploads\/2022\/09\/cm36.mp3?_=27\" \/><a href=\"https:\/\/archivesradios.be\/Radio2019\/wp-content\/uploads\/2022\/09\/cm36.mp3\">https:\/\/archivesradios.be\/Radio2019\/wp-content\/uploads\/2022\/09\/cm36.mp3<\/a><\/audio>\n<p>&nbsp;<\/p>\n<p><strong>Que pensez-vous des radios locales ? est-ce que vous en \u00e9coutez ?\u00a0<\/strong><\/p>\n<audio class=\"wp-audio-shortcode\" id=\"audio-6370-28\" preload=\"none\" style=\"width: 100%;\" controls=\"controls\"><source type=\"audio\/mpeg\" src=\"https:\/\/archivesradios.be\/Radio2019\/wp-content\/uploads\/2022\/09\/cm37.mp3?_=28\" \/><a href=\"https:\/\/archivesradios.be\/Radio2019\/wp-content\/uploads\/2022\/09\/cm37.mp3\">https:\/\/archivesradios.be\/Radio2019\/wp-content\/uploads\/2022\/09\/cm37.mp3<\/a><\/audio>\n<p>&nbsp;<\/p>\n<p><strong>Pouvez-vous nous raconter une anecdote ou une rencontre qui vous a marqu\u00e9e\u00a0 ou amus\u00e9e ?\u00a0<\/strong><\/p>\n<audio class=\"wp-audio-shortcode\" id=\"audio-6370-29\" preload=\"none\" style=\"width: 100%;\" controls=\"controls\"><source type=\"audio\/mpeg\" src=\"https:\/\/archivesradios.be\/Radio2019\/wp-content\/uploads\/2022\/09\/cm40.mp3?_=29\" \/><a href=\"https:\/\/archivesradios.be\/Radio2019\/wp-content\/uploads\/2022\/09\/cm40.mp3\">https:\/\/archivesradios.be\/Radio2019\/wp-content\/uploads\/2022\/09\/cm40.mp3<\/a><\/audio>\n<p><strong>\u00a0<\/strong><\/p>\n<p><strong>Pour terminer, la question qu&rsquo;on pose \u00e0 tous nos invit\u00e9s, que pensez -vous de notre travail d&rsquo;archivage ?<\/strong><\/p>\n<audio class=\"wp-audio-shortcode\" id=\"audio-6370-30\" preload=\"none\" style=\"width: 100%;\" controls=\"controls\"><source type=\"audio\/mpeg\" src=\"https:\/\/archivesradios.be\/Radio2019\/wp-content\/uploads\/2022\/09\/cmfin.mp3?_=30\" \/><a href=\"https:\/\/archivesradios.be\/Radio2019\/wp-content\/uploads\/2022\/09\/cmfin.mp3\">https:\/\/archivesradios.be\/Radio2019\/wp-content\/uploads\/2022\/09\/cmfin.mp3<\/a><\/audio>\n[\/vc_column_text][\/vc_column][\/vc_row]\n<\/div>","protected":false},"excerpt":{"rendered":"<p>[vc_row][vc_column][vc_column_text css=\u00a0\u00bb.vc_custom_1753365512419{margin-bottom: 0px !important;}\u00a0\u00bb] Vous connaissez sans doute la voix de Caroline Martin sur Antipode ou sur la RTBF pour le Mobilinfo, mais surement moins\u00a0son pass\u00e9 radiophonique, que nous vous proposons de d\u00e9couvrir ici gr\u00e2ce \u00e0 cette sympathique interview qu&rsquo;elle a fait l&rsquo;amiti\u00e9 de nous accorder.\u00a0 &nbsp; Pouvez-vous vous pr\u00e9senter ?\u00a0 &nbsp; Avant d&rsquo;en faire [&hellip;]<\/p>\n","protected":false},"author":1,"featured_media":7531,"comment_status":"open","ping_status":"closed","sticky":false,"template":"","format":"standard","meta":{"footnotes":""},"categories":[16],"tags":[],"class_list":["post-6370","post","type-post","status-publish","format-standard","has-post-thumbnail","hentry","category-les-gens-de"],"_links":{"self":[{"href":"https:\/\/archivesradios.be\/Radio2019\/wp-json\/wp\/v2\/posts\/6370","targetHints":{"allow":["GET"]}}],"collection":[{"href":"https:\/\/archivesradios.be\/Radio2019\/wp-json\/wp\/v2\/posts"}],"about":[{"href":"https:\/\/archivesradios.be\/Radio2019\/wp-json\/wp\/v2\/types\/post"}],"author":[{"embeddable":true,"href":"https:\/\/archivesradios.be\/Radio2019\/wp-json\/wp\/v2\/users\/1"}],"replies":[{"embeddable":true,"href":"https:\/\/archivesradios.be\/Radio2019\/wp-json\/wp\/v2\/comments?post=6370"}],"version-history":[{"count":21,"href":"https:\/\/archivesradios.be\/Radio2019\/wp-json\/wp\/v2\/posts\/6370\/revisions"}],"predecessor-version":[{"id":10354,"href":"https:\/\/archivesradios.be\/Radio2019\/wp-json\/wp\/v2\/posts\/6370\/revisions\/10354"}],"wp:featuredmedia":[{"embeddable":true,"href":"https:\/\/archivesradios.be\/Radio2019\/wp-json\/wp\/v2\/media\/7531"}],"wp:attachment":[{"href":"https:\/\/archivesradios.be\/Radio2019\/wp-json\/wp\/v2\/media?parent=6370"}],"wp:term":[{"taxonomy":"category","embeddable":true,"href":"https:\/\/archivesradios.be\/Radio2019\/wp-json\/wp\/v2\/categories?post=6370"},{"taxonomy":"post_tag","embeddable":true,"href":"https:\/\/archivesradios.be\/Radio2019\/wp-json\/wp\/v2\/tags?post=6370"}],"curies":[{"name":"wp","href":"https:\/\/api.w.org\/{rel}","templated":true}]}}