{"id":7798,"date":"2023-10-25T11:01:29","date_gmt":"2023-10-25T09:01:29","guid":{"rendered":"https:\/\/archivesradios.be\/Radio2019\/?p=7798"},"modified":"2026-02-13T18:53:51","modified_gmt":"2026-02-13T17:53:51","slug":"publicite-transistor-mars-1987","status":"publish","type":"post","link":"https:\/\/archivesradios.be\/Radio2019\/publicite-transistor-mars-1987\/","title":{"rendered":"Une publicit\u00e9 de la r\u00e9gie \u00ab\u00a0Transistor\u00a0\u00bb"},"content":{"rendered":"<p><strong>Cette publicit\u00e9 de la r\u00e9gie <em>Transistor<\/em> parue en mars 1987\u00a0 dans le magazine<em> Rock This Town <\/em>est int\u00e9ressante. <\/strong><\/p>\n<p><strong>les premi\u00e8res autorisations massives avaient \u00e9t\u00e9 donn\u00e9es peu de temps avant, avec la reconnaissance officielle des radios commerciales, et la naissance en janvier de la m\u00eame ann\u00e9e du premier r\u00e9seau concurrent de IP\/Transistor : SiS (Leader FM). <\/strong><\/p>\n<p><strong>O<\/strong><strong>n peut voir sur cette carte les pr\u00e9misses du r\u00e9seau contact avec les premiers franchis\u00e9s <\/strong><strong>de Li\u00e8ge, Mouscron, Bastogne Tournai et Mons, et de RFM lanc\u00e9 par Rossel depuis Mons qui sera rejoins peu de temps apr\u00e8s par RGN, FM La Meuse, FM le Soir, et FM Namur ( et d&rsquo;autres)\u00a0<\/strong><\/p>\n<p>&nbsp;<\/p>\n<p><img loading=\"lazy\" decoding=\"async\" class=\"alignnone size-full wp-image-7800\" src=\"https:\/\/archivesradios.be\/Radio2019\/wp-content\/uploads\/2023\/10\/img_2368-1-scaled.jpg\" alt=\"\" width=\"2560\" height=\"1795\" srcset=\"https:\/\/archivesradios.be\/Radio2019\/wp-content\/uploads\/2023\/10\/img_2368-1-scaled.jpg 2560w, https:\/\/archivesradios.be\/Radio2019\/wp-content\/uploads\/2023\/10\/img_2368-1-scaled-300x210.jpg 300w, https:\/\/archivesradios.be\/Radio2019\/wp-content\/uploads\/2023\/10\/img_2368-1-scaled-1024x718.jpg 1024w, https:\/\/archivesradios.be\/Radio2019\/wp-content\/uploads\/2023\/10\/img_2368-1-768x539.jpg 768w, https:\/\/archivesradios.be\/Radio2019\/wp-content\/uploads\/2023\/10\/img_2368-1-1536x1077.jpg 1536w, https:\/\/archivesradios.be\/Radio2019\/wp-content\/uploads\/2023\/10\/img_2368-1-2048x1436.jpg 2048w\" sizes=\"auto, (max-width: 2560px) 100vw, 2560px\" \/><\/p>\n","protected":false},"excerpt":{"rendered":"<p>Cette publicit\u00e9 de la r\u00e9gie Transistor parue en mars 1987\u00a0 dans le magazine Rock This Town est int\u00e9ressante. les premi\u00e8res autorisations massives avaient \u00e9t\u00e9 donn\u00e9es peu de temps avant, avec la reconnaissance officielle des radios commerciales, et la naissance en janvier de la m\u00eame ann\u00e9e du premier r\u00e9seau concurrent de IP\/Transistor : SiS (Leader FM). [&hellip;]<\/p>\n","protected":false},"author":1,"featured_media":7954,"comment_status":"open","ping_status":"closed","sticky":false,"template":"","format":"standard","meta":{"footnotes":""},"categories":[63],"tags":[],"class_list":["post-7798","post","type-post","status-publish","format-standard","has-post-thumbnail","hentry","category-documentation"],"_links":{"self":[{"href":"https:\/\/archivesradios.be\/Radio2019\/wp-json\/wp\/v2\/posts\/7798","targetHints":{"allow":["GET"]}}],"collection":[{"href":"https:\/\/archivesradios.be\/Radio2019\/wp-json\/wp\/v2\/posts"}],"about":[{"href":"https:\/\/archivesradios.be\/Radio2019\/wp-json\/wp\/v2\/types\/post"}],"author":[{"embeddable":true,"href":"https:\/\/archivesradios.be\/Radio2019\/wp-json\/wp\/v2\/users\/1"}],"replies":[{"embeddable":true,"href":"https:\/\/archivesradios.be\/Radio2019\/wp-json\/wp\/v2\/comments?post=7798"}],"version-history":[{"count":11,"href":"https:\/\/archivesradios.be\/Radio2019\/wp-json\/wp\/v2\/posts\/7798\/revisions"}],"predecessor-version":[{"id":11078,"href":"https:\/\/archivesradios.be\/Radio2019\/wp-json\/wp\/v2\/posts\/7798\/revisions\/11078"}],"wp:featuredmedia":[{"embeddable":true,"href":"https:\/\/archivesradios.be\/Radio2019\/wp-json\/wp\/v2\/media\/7954"}],"wp:attachment":[{"href":"https:\/\/archivesradios.be\/Radio2019\/wp-json\/wp\/v2\/media?parent=7798"}],"wp:term":[{"taxonomy":"category","embeddable":true,"href":"https:\/\/archivesradios.be\/Radio2019\/wp-json\/wp\/v2\/categories?post=7798"},{"taxonomy":"post_tag","embeddable":true,"href":"https:\/\/archivesradios.be\/Radio2019\/wp-json\/wp\/v2\/tags?post=7798"}],"curies":[{"name":"wp","href":"https:\/\/api.w.org\/{rel}","templated":true}]}}